{"id":403,"date":"2019-12-07T15:41:00","date_gmt":"2019-12-07T20:41:00","guid":{"rendered":"http:\/\/www.enlaarboleda.com\/web\/?p=403"},"modified":"2025-02-19T05:16:49","modified_gmt":"2025-02-19T10:16:49","slug":"trayectos-invisibles-una-historia-de-caminos","status":"publish","type":"post","link":"https:\/\/www.enlaarboleda.com\/en\/trayectos-invisibles-una-historia-de-caminos\/","title":{"rendered":"TRAYECTOS INVISIBLES, UNA HISTORIA DE CAMINOS."},"content":{"rendered":"<p><img loading=\"lazy\" decoding=\"async\" class=\"alignnone wp-image-410 size-large\" src=\"http:\/\/www.enlaarboleda.com\/web\/wp-content\/uploads\/2019\/12\/DSC07611-1024x684.jpg\" alt=\"\" width=\"1024\" height=\"684\" srcset=\"https:\/\/www.enlaarboleda.com\/wp-content\/uploads\/2019\/12\/DSC07611-1024x684.jpg 1024w, https:\/\/www.enlaarboleda.com\/wp-content\/uploads\/2019\/12\/DSC07611-300x200.jpg 300w, https:\/\/www.enlaarboleda.com\/wp-content\/uploads\/2019\/12\/DSC07611-768x513.jpg 768w, https:\/\/www.enlaarboleda.com\/wp-content\/uploads\/2019\/12\/DSC07611-1536x1026.jpg 1536w, https:\/\/www.enlaarboleda.com\/wp-content\/uploads\/2019\/12\/DSC07611-2048x1368.jpg 2048w, https:\/\/www.enlaarboleda.com\/wp-content\/uploads\/2019\/12\/DSC07611-930x620.jpg 930w, https:\/\/www.enlaarboleda.com\/wp-content\/uploads\/2019\/12\/DSC07611-600x401.jpg 600w\" sizes=\"(max-width: 1024px) 100vw, 1024px\" \/><\/p>\n<p>\u201cTrayectos Invisibles\u201d es mi primer \u00e1lbum musical y audiovisual como solista. Es un proyecto que consiste en 7 historias las cuales las he bautizado como historias \u201ctransmedia\u201d porque construyen un peque\u00f1o universo narrativo en diferentes plataformas; como lo son las canciones, los videos y en un futuro corto una exposici\u00f3n de arte y varios conciertos.<\/p>\n<p>Desde el 2017 empec\u00e9 a grabar este \u00e1lbum que para m\u00ed se asemeja a un bosque con muchos cruces de caminos. A veces predecibles, otras veces misteriosos y quer\u00eda que el nombre inspirara una actitud frente a la interpretaci\u00f3n y observaci\u00f3n de esos trayectos, para recorrerlos sin miedo al sinsentido.<\/p>\n<p><img loading=\"lazy\" decoding=\"async\" class=\"alignnone wp-image-412 size-large\" src=\"http:\/\/www.enlaarboleda.com\/web\/wp-content\/uploads\/2019\/12\/001667270011-1024x679.jpg\" alt=\"\" width=\"1024\" height=\"679\" srcset=\"https:\/\/www.enlaarboleda.com\/wp-content\/uploads\/2019\/12\/001667270011-1024x679.jpg 1024w, https:\/\/www.enlaarboleda.com\/wp-content\/uploads\/2019\/12\/001667270011-300x199.jpg 300w, https:\/\/www.enlaarboleda.com\/wp-content\/uploads\/2019\/12\/001667270011-768x509.jpg 768w, https:\/\/www.enlaarboleda.com\/wp-content\/uploads\/2019\/12\/001667270011-1536x1018.jpg 1536w, https:\/\/www.enlaarboleda.com\/wp-content\/uploads\/2019\/12\/001667270011-2048x1358.jpg 2048w, https:\/\/www.enlaarboleda.com\/wp-content\/uploads\/2019\/12\/001667270011-600x398.jpg 600w\" sizes=\"(max-width: 1024px) 100vw, 1024px\" \/><\/p>\n<p>Este t\u00edtulo siempre me hace pensar en los trayectos de las aves, que no se ven, sino que se recuerdan. Pero ya hablaremos de aves luego.<\/p>","protected":false},"excerpt":{"rendered":"<p>\u201cTrayectos Invisibles\u201d es mi primer \u00e1lbum musical y audiovisual como solista. Es un proyecto que consiste en 7 historias las cuales las he bautizado como historias \u201ctransmedia\u201d porque construyen un peque\u00f1o universo narrativo en diferentes plataformas; como lo son las canciones, los videos y en un futuro corto una exposici\u00f3n de arte y varios conciertos.&hellip;&nbsp;<a href=\"https:\/\/www.enlaarboleda.com\/en\/trayectos-invisibles-una-historia-de-caminos\/\" class=\"\" rel=\"bookmark\">Read More &raquo;<span class=\"screen-reader-text\">TRAYECTOS INVISIBLES, UNA HISTORIA DE CAMINOS.<\/span><\/a><\/p>","protected":false},"author":1,"featured_media":0,"comment_status":"closed","ping_status":"closed","sticky":false,"template":"","format":"standard","meta":{"footnotes":""},"categories":[2],"tags":[],"class_list":["post-403","post","type-post","status-publish","format-standard","hentry","category-uncategorized"],"yoast_head":"<!-- This site is optimized with the Yoast SEO plugin v15.3 - https:\/\/yoast.com\/wordpress\/plugins\/seo\/ -->\n<title>TRAYECTOS INVISIBLES, UNA HISTORIA DE CAMINOS. - Enla Arboleda<\/title>\n<meta name=\"robots\" content=\"index, follow, max-snippet:-1, max-image-preview:large, max-video-preview:-1\" \/>\n<link rel=\"canonical\" href=\"https:\/\/www.enlaarboleda.com\/en\/trayectos-invisibles-una-historia-de-caminos\/\" \/>\n<meta property=\"og:locale\" content=\"en_US\" \/>\n<meta property=\"og:type\" content=\"article\" \/>\n<meta property=\"og:title\" content=\"TRAYECTOS INVISIBLES, UNA HISTORIA DE CAMINOS. - Enla Arboleda\" \/>\n<meta property=\"og:description\" content=\"\u201cTrayectos Invisibles\u201d es mi primer \u00e1lbum musical y audiovisual como solista. Es un proyecto que consiste en 7 historias las cuales las he bautizado como historias \u201ctransmedia\u201d porque construyen un peque\u00f1o universo narrativo en diferentes plataformas; como lo son las canciones, los videos y en un futuro corto una exposici\u00f3n de arte y varios conciertos.&hellip;&nbsp;Read More &raquo;TRAYECTOS INVISIBLES, UNA HISTORIA DE CAMINOS.\" \/>\n<meta property=\"og:url\" content=\"https:\/\/www.enlaarboleda.com\/en\/trayectos-invisibles-una-historia-de-caminos\/\" \/>\n<meta property=\"og:site_name\" content=\"Enla Arboleda\" \/>\n<meta property=\"article:published_time\" content=\"2019-12-07T20:41:00+00:00\" \/>\n<meta property=\"article:modified_time\" content=\"2025-02-19T10:16:49+00:00\" \/>\n<meta property=\"og:image\" content=\"http:\/\/www.enlaarboleda.com\/web\/wp-content\/uploads\/2019\/12\/DSC07611-1024x684.jpg\" \/>\n<meta name=\"twitter:card\" content=\"summary_large_image\" \/>\n<meta name=\"twitter:label1\" content=\"Written by\">\n\t<meta name=\"twitter:data1\" content=\"enlaarboleda\">\n\t<meta name=\"twitter:label2\" content=\"Est. reading time\">\n\t<meta name=\"twitter:data2\" content=\"1 minute\">\n<script type=\"application\/ld+json\" class=\"yoast-schema-graph\">{\"@context\":\"https:\/\/schema.org\",\"@graph\":[{\"@type\":\"WebSite\",\"@id\":\"https:\/\/www.enlaarboleda.com\/#website\",\"url\":\"https:\/\/www.enlaarboleda.com\/\",\"name\":\"Enla Arboleda\",\"description\":\"Official Website\",\"potentialAction\":[{\"@type\":\"SearchAction\",\"target\":\"https:\/\/www.enlaarboleda.com\/?s={search_term_string}\",\"query-input\":\"required name=search_term_string\"}],\"inLanguage\":\"en-US\"},{\"@type\":\"ImageObject\",\"@id\":\"https:\/\/www.enlaarboleda.com\/trayectos-invisibles-una-historia-de-caminos\/#primaryimage\",\"inLanguage\":\"en-US\",\"url\":\"http:\/\/www.enlaarboleda.com\/web\/wp-content\/uploads\/2019\/12\/DSC07611-1024x684.jpg\"},{\"@type\":\"WebPage\",\"@id\":\"https:\/\/www.enlaarboleda.com\/trayectos-invisibles-una-historia-de-caminos\/#webpage\",\"url\":\"https:\/\/www.enlaarboleda.com\/trayectos-invisibles-una-historia-de-caminos\/\",\"name\":\"TRAYECTOS INVISIBLES, UNA HISTORIA DE CAMINOS. - Enla Arboleda\",\"isPartOf\":{\"@id\":\"https:\/\/www.enlaarboleda.com\/#website\"},\"primaryImageOfPage\":{\"@id\":\"https:\/\/www.enlaarboleda.com\/trayectos-invisibles-una-historia-de-caminos\/#primaryimage\"},\"datePublished\":\"2019-12-07T20:41:00+00:00\",\"dateModified\":\"2025-02-19T10:16:49+00:00\",\"author\":{\"@id\":\"https:\/\/www.enlaarboleda.com\/#\/schema\/person\/f5021e7c817b1370b0d64f47b9ea1caf\"},\"inLanguage\":\"en-US\",\"potentialAction\":[{\"@type\":\"ReadAction\",\"target\":[\"https:\/\/www.enlaarboleda.com\/trayectos-invisibles-una-historia-de-caminos\/\"]}]},{\"@type\":\"Person\",\"@id\":\"https:\/\/www.enlaarboleda.com\/#\/schema\/person\/f5021e7c817b1370b0d64f47b9ea1caf\",\"name\":\"enlaarboleda\",\"image\":{\"@type\":\"ImageObject\",\"@id\":\"https:\/\/www.enlaarboleda.com\/#personlogo\",\"inLanguage\":\"en-US\",\"url\":\"https:\/\/secure.gravatar.com\/avatar\/7a11a8bf4e2667e25a7a129e65e06ff8?s=96&d=mm&r=g\",\"caption\":\"enlaarboleda\"}}]}<\/script>\n<!-- \/ Yoast SEO plugin. -->","_links":{"self":[{"href":"https:\/\/www.enlaarboleda.com\/en\/wp-json\/wp\/v2\/posts\/403"}],"collection":[{"href":"https:\/\/www.enlaarboleda.com\/en\/wp-json\/wp\/v2\/posts"}],"about":[{"href":"https:\/\/www.enlaarboleda.com\/en\/wp-json\/wp\/v2\/types\/post"}],"author":[{"embeddable":true,"href":"https:\/\/www.enlaarboleda.com\/en\/wp-json\/wp\/v2\/users\/1"}],"replies":[{"embeddable":true,"href":"https:\/\/www.enlaarboleda.com\/en\/wp-json\/wp\/v2\/comments?post=403"}],"version-history":[{"count":5,"href":"https:\/\/www.enlaarboleda.com\/en\/wp-json\/wp\/v2\/posts\/403\/revisions"}],"predecessor-version":[{"id":482,"href":"https:\/\/www.enlaarboleda.com\/en\/wp-json\/wp\/v2\/posts\/403\/revisions\/482"}],"wp:attachment":[{"href":"https:\/\/www.enlaarboleda.com\/en\/wp-json\/wp\/v2\/media?parent=403"}],"wp:term":[{"taxonomy":"category","embeddable":true,"href":"https:\/\/www.enlaarboleda.com\/en\/wp-json\/wp\/v2\/categories?post=403"},{"taxonomy":"post_tag","embeddable":true,"href":"https:\/\/www.enlaarboleda.com\/en\/wp-json\/wp\/v2\/tags?post=403"}],"curies":[{"name":"wp","href":"https:\/\/api.w.org\/{rel}","templated":true}]}}